{"id":1541,"date":"2021-08-30T11:20:00","date_gmt":"2021-08-30T09:20:00","guid":{"rendered":"https:\/\/itinerairecom.fr\/?p=1541"},"modified":"2021-08-30T11:44:10","modified_gmt":"2021-08-30T09:44:10","slug":"idees-de-contenus-communication-septembre","status":"publish","type":"post","link":"https:\/\/itinerairecom.fr\/index.php\/2021\/08\/30\/idees-de-contenus-communication-septembre\/","title":{"rendered":"Id\u00e9es de contenus pour booster ta communication en septembre"},"content":{"rendered":"\t\t<div data-elementor-type=\"wp-post\" data-elementor-id=\"1541\" class=\"elementor elementor-1541\">\n\t\t\t\t\t\t\t\t\t<section class=\"elementor-section elementor-top-section elementor-element elementor-element-4a0bb91 elementor-section-boxed elementor-section-height-default elementor-section-height-default\" data-id=\"4a0bb91\" data-element_type=\"section\" data-settings=\"{&quot;background_background&quot;:&quot;classic&quot;}\">\n\t\t\t\t\t\t<div class=\"elementor-container elementor-column-gap-default\">\n\t\t\t\t\t<div class=\"elementor-column elementor-col-100 elementor-top-column elementor-element elementor-element-5c62ee99\" data-id=\"5c62ee99\" data-element_type=\"column\">\n\t\t\t<div class=\"elementor-widget-wrap elementor-element-populated\">\n\t\t\t\t\t\t\t\t<div class=\"elementor-element elementor-element-6986dca1 elementor-widget elementor-widget-heading\" data-id=\"6986dca1\" data-element_type=\"widget\" data-widget_type=\"heading.default\">\n\t\t\t\t<div class=\"elementor-widget-container\">\n\t\t\t<h1 class=\"elementor-heading-title elementor-size-xl\">Ton antis\u00e8che pour booster ta communication en septembre<\/h1>\t\t<\/div>\n\t\t\t\t<\/div>\n\t\t\t\t\t<\/div>\n\t\t<\/div>\n\t\t\t\t\t\t\t<\/div>\n\t\t<\/section>\n\t\t\t\t<section class=\"elementor-section elementor-top-section elementor-element elementor-element-1a22875f elementor-section-boxed elementor-section-height-default elementor-section-height-default\" data-id=\"1a22875f\" data-element_type=\"section\" data-settings=\"{&quot;background_background&quot;:&quot;classic&quot;}\">\n\t\t\t\t\t\t<div class=\"elementor-container elementor-column-gap-default\">\n\t\t\t\t\t<div class=\"elementor-column elementor-col-100 elementor-top-column elementor-element elementor-element-302861b8\" data-id=\"302861b8\" data-element_type=\"column\">\n\t\t\t<div class=\"elementor-widget-wrap elementor-element-populated\">\n\t\t\t\t\t\t\t\t<div class=\"elementor-element elementor-element-42e81fbe elementor-widget elementor-widget-heading\" data-id=\"42e81fbe\" data-element_type=\"widget\" data-widget_type=\"heading.default\">\n\t\t\t\t<div class=\"elementor-widget-container\">\n\t\t\t<h2 class=\"elementor-heading-title elementor-size-large\">Communiquer oui, mais quoi ? <\/h2>\t\t<\/div>\n\t\t\t\t<\/div>\n\t\t\t\t\t<\/div>\n\t\t<\/div>\n\t\t\t\t\t\t\t<\/div>\n\t\t<\/section>\n\t\t\t\t<section class=\"elementor-section elementor-top-section elementor-element elementor-element-1df9e8cd elementor-section-boxed elementor-section-height-default elementor-section-height-default\" data-id=\"1df9e8cd\" data-element_type=\"section\" data-settings=\"{&quot;background_background&quot;:&quot;classic&quot;}\">\n\t\t\t\t\t\t<div class=\"elementor-container elementor-column-gap-default\">\n\t\t\t\t\t<div class=\"elementor-column elementor-col-100 elementor-top-column elementor-element elementor-element-56b16dff\" data-id=\"56b16dff\" data-element_type=\"column\">\n\t\t\t<div class=\"elementor-widget-wrap elementor-element-populated\">\n\t\t\t\t\t\t\t\t<section class=\"elementor-section elementor-inner-section elementor-element elementor-element-55ce0779 elementor-section-boxed elementor-section-height-default elementor-section-height-default\" data-id=\"55ce0779\" data-element_type=\"section\">\n\t\t\t\t\t\t<div class=\"elementor-container elementor-column-gap-default\">\n\t\t\t\t\t<div class=\"elementor-column elementor-col-50 elementor-inner-column elementor-element elementor-element-45f3bf36\" data-id=\"45f3bf36\" data-element_type=\"column\">\n\t\t\t<div class=\"elementor-widget-wrap elementor-element-populated\">\n\t\t\t\t\t\t\t\t<div class=\"elementor-element elementor-element-b981f68 elementor-widget elementor-widget-text-editor\" data-id=\"b981f68\" data-element_type=\"widget\" data-widget_type=\"text-editor.default\">\n\t\t\t\t<div class=\"elementor-widget-container\">\n\t\t\t\t\t\t\t<p><span style=\"color: var( --e-global-color-35ff3546 ); background-color: var( --e-global-color-826778b );\">Tu manques d&rsquo;id\u00e9es de contenus pour ta communication ? Nouveau mois, nouvelles inspirations !<\/span><\/p><p>Voici donc de quoi booster ta communication en septembre. A adapter et personnaliser bien entendu.<\/p><p>J&rsquo;esp\u00e8re que cela t&rsquo;inspirera et te motivera \u00e0 mettre la main \u00e0 la com&rsquo;.<\/p>\t\t\t\t\t\t<\/div>\n\t\t\t\t<\/div>\n\t\t\t\t\t<\/div>\n\t\t<\/div>\n\t\t\t\t<div class=\"elementor-column elementor-col-50 elementor-inner-column elementor-element elementor-element-5081cfe4\" data-id=\"5081cfe4\" data-element_type=\"column\">\n\t\t\t<div class=\"elementor-widget-wrap elementor-element-populated\">\n\t\t\t\t\t\t\t\t<div class=\"elementor-element elementor-element-4662eff0 elementor-widget elementor-widget-image\" data-id=\"4662eff0\" data-element_type=\"widget\" data-widget_type=\"image.default\">\n\t\t\t\t<div class=\"elementor-widget-container\">\n\t\t\t\t\t\t\t\t\t\t\t\t\t\t\t\t<a href=\"https:\/\/itinerairecom.fr\/wp-content\/uploads\/2021\/08\/Pour-blog-aout-2.jpg\" data-elementor-open-lightbox=\"yes\" data-elementor-lightbox-title=\"Calendrier marketing septembre\" data-elementor-lightbox-description=\"Calendrier marketing septembre id\u00e9es de contenus pour sa communication d&#039;entreprise\" data-e-action-hash=\"#elementor-action%3Aaction%3Dlightbox%26settings%3DeyJpZCI6MTU1MywidXJsIjoiaHR0cHM6XC9cL2l0aW5lcmFpcmVjb20uZnJcL3dwLWNvbnRlbnRcL3VwbG9hZHNcLzIwMjFcLzA4XC9Qb3VyLWJsb2ctYW91dC0yLmpwZyJ9\">\n\t\t\t\t\t\t\t<img decoding=\"async\" loading=\"lazy\" width=\"1748\" height=\"1240\" src=\"https:\/\/itinerairecom.fr\/wp-content\/uploads\/2021\/08\/Pour-blog-aout-2.jpg\" class=\"attachment-full size-full wp-image-1553\" alt=\"Calendrier marketing septembre\" srcset=\"https:\/\/itinerairecom.fr\/wp-content\/uploads\/2021\/08\/Pour-blog-aout-2.jpg 1748w, https:\/\/itinerairecom.fr\/wp-content\/uploads\/2021\/08\/Pour-blog-aout-2-300x213.jpg 300w, https:\/\/itinerairecom.fr\/wp-content\/uploads\/2021\/08\/Pour-blog-aout-2-1024x726.jpg 1024w, https:\/\/itinerairecom.fr\/wp-content\/uploads\/2021\/08\/Pour-blog-aout-2-768x545.jpg 768w, https:\/\/itinerairecom.fr\/wp-content\/uploads\/2021\/08\/Pour-blog-aout-2-1536x1090.jpg 1536w, https:\/\/itinerairecom.fr\/wp-content\/uploads\/2021\/08\/Pour-blog-aout-2-1568x1112.jpg 1568w\" sizes=\"(max-width: 34.9rem) calc(100vw - 2rem), (max-width: 53rem) calc(8 * (100vw \/ 12)), (min-width: 53rem) calc(6 * (100vw \/ 12)), 100vw\" \/>\t\t\t\t\t\t\t\t<\/a>\n\t\t\t\t\t\t\t\t\t\t\t\t\t\t\t<\/div>\n\t\t\t\t<\/div>\n\t\t\t\t\t<\/div>\n\t\t<\/div>\n\t\t\t\t\t\t\t<\/div>\n\t\t<\/section>\n\t\t\t\t\t<\/div>\n\t\t<\/div>\n\t\t\t\t\t\t\t<\/div>\n\t\t<\/section>\n\t\t\t\t<section class=\"elementor-section elementor-top-section elementor-element elementor-element-6861f2c4 elementor-section-boxed elementor-section-height-default elementor-section-height-default\" data-id=\"6861f2c4\" data-element_type=\"section\" data-settings=\"{&quot;background_background&quot;:&quot;classic&quot;}\">\n\t\t\t\t\t\t<div class=\"elementor-container elementor-column-gap-default\">\n\t\t\t\t\t<div class=\"elementor-column elementor-col-100 elementor-top-column elementor-element elementor-element-20940ce3\" data-id=\"20940ce3\" data-element_type=\"column\">\n\t\t\t<div class=\"elementor-widget-wrap elementor-element-populated\">\n\t\t\t\t\t\t\t\t<div class=\"elementor-element elementor-element-682e43f6 elementor-widget elementor-widget-text-editor\" data-id=\"682e43f6\" data-element_type=\"widget\" data-widget_type=\"text-editor.default\">\n\t\t\t\t<div class=\"elementor-widget-container\">\n\t\t\t\t\t\t\t<h4><span class=\"notion-enable-hover\" data-token-index=\"0\" data-reactroot=\"\">1er\u00a0Septembre : Rentr\u00e9e scolaire<\/span><\/h4><ul><li><strong>Coach (business, organisation&#8230;) :<\/strong> c&rsquo;est le retour de vacances pour beaucoup de tes clients ou membres de ta communaut\u00e9. Alors tu peux partager des conseils sur la fa\u00e7on d&rsquo;appr\u00e9hender au mieux la rentr\u00e9e (en mati\u00e8re d&rsquo;organisation, fixer ses objectifs, prospection, etc.).<\/li><li><strong>Tous :<\/strong> \u00e0 l&rsquo;image de la nouvelle ann\u00e9e, c&rsquo;est une p\u00e9riode propice \u00e0 l&rsquo;annonce de bonnes r\u00e9solutions (personnelles ou professionnelles) mais aussi \u00e0 l&rsquo;introduction de nouveaut\u00e9s dans ton offre (de produits ou services).<\/li><li><strong>Activit\u00e9s extra scolaires (club de sport, de musique&#8230;) :<\/strong> annonce l&rsquo;organisation de journ\u00e9es portes ouvertes, de s\u00e9ances d&rsquo;essai, d&rsquo;offres sp\u00e9ciales pour cette nouvelle ann\u00e9e \u00ab\u00a0scolaire\u00a0\u00bb.<\/li><\/ul><h4>\u00a0<\/h4><h4><span class=\"notion-enable-hover\" data-token-index=\"0\" data-reactroot=\"\">5 Septembre : Journ\u00e9e mondiale de la barbe<\/span><\/h4><ul><li><strong>Paysagiste :<\/strong> propose tes services ou tes conseils pour tailler les haies ou le gazon de tes clients au \u00ab\u00a0poil pr\u00e8s\u00a0\u00bb<\/li><li><strong>Barber \/ fabrication produits de beaut\u00e9 naturel :<\/strong> partage des conseils sur la fa\u00e7on de bien entretenir sa barbe<\/li><li><strong>Mus\u00e9e :<\/strong> sur le ton de l&rsquo;humour, met \u00e0 l&rsquo;honneur quelques artistes barbus (bien entendu) et leurs oeuvres les plus connus.<\/li><\/ul><h4>\u00a0<\/h4><h4><span class=\"notion-enable-hover\" data-token-index=\"0\" data-reactroot=\"\">15 Septembre : Journ\u00e9e internationale de la d\u00e9mocratie<\/span><\/h4><ul><li><strong>Bar \/ Restaurant :<\/strong> fais toi challenger par ta communaut\u00e9. Cr\u00e9\u00e9 une nouvelle recette de cocktail \/ plat en lui demandant de voter pour un ingr\u00e9dient obligatoire.<\/li><li><strong>Tous :<\/strong> fais voter ta communaut\u00e9 pour t&rsquo;aider \u00e0 choisir la date de sortie de ta nouvelle offre.<\/li><\/ul><h4>\u00a0<\/h4><h4><span class=\"notion-enable-hover\" data-token-index=\"0\" data-reactroot=\"\">18-19 Septembre : Journ\u00e9es Europ\u00e9ennes du Patrimoine<\/span><\/h4><ul><li><strong>Librairie :<\/strong> partage ta s\u00e9lection de livres qui permettent de d\u00e9couvrir les richesses du patrimoine europ\u00e9ens \/ de ta r\u00e9gion.<\/li><li><strong>Tous :<\/strong> organise une journ\u00e9e porte ouverte pour faire d\u00e9couvrir ton usine \/ entreprise \/ processus de fabrication.<\/li><\/ul><h4>\u00a0<\/h4><h4><span class=\"notion-enable-hover\" data-token-index=\"0\" data-reactroot=\"\">19 Septembre : Journ\u00e9e mondiale du nettoyage<\/span><\/h4><ul><li><strong>Secteur bien-\u00eatre :<\/strong> propose une routine sp\u00e9ciale nettoyage de la peau. Tu peux en proposer plusieurs, selon les types de peaux.<\/li><li><strong>Tous :<\/strong> encourage \u00e0 une mobilisation constante et \u00e0 ne pas attendre cette journ\u00e9e pour adopter de bonnes habitudes en mati\u00e8re de nettoyage.<\/li><\/ul><h4>\u00a0<\/h4><h4><span class=\"notion-enable-hover\" data-token-index=\"0\" data-reactroot=\"\">21 Septembre : Automne<\/span><\/h4><ul><li><strong>Office de tourisme :<\/strong> propose des id\u00e9es de ballades ou activit\u00e9s ext\u00e9rieures super chouettes \u00e0 faire en automne.<\/li><li><strong>Mode :<\/strong> quelles sont les tendances de cette saison ? L&rsquo;occasion parfaite de les pr\u00e9senter.<\/li><\/ul><h4>\u00a0<\/h4><h4><span class=\"notion-enable-hover\" data-token-index=\"0\" data-reactroot=\"\">22 Septembre : Journ\u00e9e mondiale sans voiture<\/span><\/h4><ul><li><strong>Caf\u00e9 :<\/strong> c&rsquo;est une journ\u00e9e sans voiture donc sans consommation de carburant &#8211; mais on sait bien que le seul carburant dont tes clients ont besoin c&rsquo;est ton superbe caf\u00e9. Alors invite les \u00e0 venir d\u00e9guster ton excellent macchiato.<\/li><li><strong>Commerces de proximit\u00e9 :<\/strong> invite les r\u00e9sidants de ton quartier \u00e0 laisser leur voiture pour aujourd&rsquo;hui (et pas que) et \u00e0 venir faire leurs emplettes dans ton commerce de voisinage.<\/li><\/ul><h4>\u00a0<\/h4><h4><span class=\"notion-enable-hover\" data-token-index=\"0\" data-reactroot=\"\">23 Septembre : Journ\u00e9e mondiale de la mer<\/span><\/h4><ul><li><strong>Cr\u00e9ateur (couture, bijoux) :<\/strong> partage une s\u00e9lection de tenues ou accessoires que tu as cr\u00e9\u00e9, parfaits pour une ambiance \u00ab\u00a0bord de mer\u00a0\u00bb.<\/li><li><strong>Restaurant :<\/strong> tu peux proposer un menu de la mer \u00e0 l&rsquo;occasion de cette journ\u00e9e.<\/li><li><strong>H\u00f4tellerie \/ gite :<\/strong> tu es localis\u00e9 en bord de mer (ou proche de la mer), alors oui les vacances d&rsquo;\u00e9t\u00e9 sont finies mais pourquoi ne pas inviter \u00e0 vivre une petite prolongation \u00e0 l&rsquo;occasion de cette journ\u00e9e.<\/li><\/ul><h4>\u00a0<\/h4><h4><span class=\"notion-enable-hover\" data-token-index=\"0\" data-reactroot=\"\">25-26 Septembre : F\u00eate de la Gastronomie<\/span><\/h4><ul><li><strong>Magasin de d\u00e9coration \/ d\u00e9corateur d&rsquo;int\u00e9rieur :<\/strong> zoom d\u00e9coration de table ! Partage quelques id\u00e9es simples et efficaces pour d\u00e9corer une table \u00e0 manger. Tu peux varier les occasions (anniversaire, repas en amoureux, repas de famille, diner entre amis, etc.).<\/li><li><strong>Agence d&rsquo;\u00e9v\u00e9nementiel :<\/strong> propose \u00e0 tes clients une activit\u00e9 de team building autour de la gastronomie &#8211; comme l&rsquo;organisation d&rsquo;un mini concours Top Chef en \u00e9quipe.<\/li><\/ul><h4>\u00a0<\/h4><h4><span class=\"notion-enable-hover\" data-token-index=\"0\" data-reactroot=\"\">27 Septembre : Journ\u00e9e mondiale du tourisme<\/span><\/h4><ul><li><strong>Ville \/ r\u00e9gion :<\/strong> valorise ta ville ou r\u00e9gion (sa culture, ses produits, ses sites&#8230;) comme destination touristique \u00e0 d\u00e9couvrir. Tu peux \u00e9galement valoriser les enjeux majeurs du tourisme dans le monde aujourd&rsquo;hui.<\/li><li><strong>Photographe :<\/strong> lance un concours photo autour des derniers voyages fait par ta communaut\u00e9.<\/li><li><strong>Agence de voyage :<\/strong> parce que le tourisme ce n&rsquo;est pas qu&rsquo;en \u00e9t\u00e9, partage quelques id\u00e9es de lieux \u00e0 visiter hors saison estivale.<\/li><\/ul><p><a href=\"https:\/\/itinerairecom.fr\/index.php\/a-propos-accompagnement-communication\/\" target=\"_blank\" rel=\"noopener\">Alors est-ce que tu es pr\u00eat \u00e0 passer \u00e0 l\u2019action ?<\/a><\/p>\t\t\t\t\t\t<\/div>\n\t\t\t\t<\/div>\n\t\t\t\t\t<\/div>\n\t\t<\/div>\n\t\t\t\t\t\t\t<\/div>\n\t\t<\/section>\n\t\t\t\t<section class=\"elementor-section elementor-top-section elementor-element elementor-element-4d6c601b elementor-section-boxed elementor-section-height-default elementor-section-height-default\" data-id=\"4d6c601b\" data-element_type=\"section\" data-settings=\"{&quot;background_background&quot;:&quot;classic&quot;}\">\n\t\t\t\t\t\t<div class=\"elementor-container elementor-column-gap-default\">\n\t\t\t\t\t<div class=\"elementor-column elementor-col-100 elementor-top-column elementor-element elementor-element-30c4be4d\" data-id=\"30c4be4d\" data-element_type=\"column\">\n\t\t\t<div class=\"elementor-widget-wrap elementor-element-populated\">\n\t\t\t\t\t\t\t\t<div class=\"elementor-element elementor-element-31d7ccbb elementor-align-center elementor-widget elementor-widget-button\" data-id=\"31d7ccbb\" data-element_type=\"widget\" data-widget_type=\"button.default\">\n\t\t\t\t<div class=\"elementor-widget-container\">\n\t\t\t\t\t<div class=\"elementor-button-wrapper\">\n\t\t\t<a class=\"elementor-button elementor-button-link elementor-size-sm\" href=\"https:\/\/itinerairecom.fr\/index.php\/contact-communication-itinerairecom\/\">\n\t\t\t\t\t\t<span class=\"elementor-button-content-wrapper\">\n\t\t\t\t\t\t<span class=\"elementor-button-text\">On \u00e9change ?<\/span>\n\t\t<\/span>\n\t\t\t\t\t<\/a>\n\t\t<\/div>\n\t\t\t\t<\/div>\n\t\t\t\t<\/div>\n\t\t\t\t\t<\/div>\n\t\t<\/div>\n\t\t\t\t\t\t\t<\/div>\n\t\t<\/section>\n\t\t\t\t\t\t\t<\/div>\n\t\t","protected":false},"excerpt":{"rendered":"<p>Ton antis\u00e8che pour booster ta communication en septembre Communiquer oui, mais quoi ? Tu manques d&rsquo;id\u00e9es de contenus pour ta communication ? Nouveau mois, nouvelles inspirations ! Voici donc de quoi booster ta communication en septembre. A adapter et personnaliser bien entendu. J&rsquo;esp\u00e8re que cela t&rsquo;inspirera et te motivera \u00e0 mettre la main \u00e0 la &hellip; <\/p>\n<p class=\"link-more\"><a href=\"https:\/\/itinerairecom.fr\/index.php\/2021\/08\/30\/idees-de-contenus-communication-septembre\/\" class=\"more-link\">Continuer la lecture <span class=\"screen-reader-text\"> \u00ab\u00a0Id\u00e9es de contenus pour booster ta communication en septembre\u00a0\u00bb<\/span><\/a><\/p>\n","protected":false},"author":1,"featured_media":0,"comment_status":"open","ping_status":"open","sticky":false,"template":"elementor_canvas","format":"standard","meta":{"footnotes":""},"categories":[1],"tags":[],"yoast_head":"<!-- This site is optimized with the Yoast SEO plugin v21.1 - https:\/\/yoast.com\/wordpress\/plugins\/seo\/ -->\n<title>Id\u00e9es de contenus pour booster ta communication en septembre - Itin\u00e9raireCom<\/title>\n<meta name=\"description\" content=\"D\u00e9couvre des id\u00e9es de contenus pour ta communication du mois de septembre ! Plus de panne d&#039;inspiration pour ta communication d&#039;entreprise.\" \/>\n<meta name=\"robots\" content=\"index, follow, max-snippet:-1, max-image-preview:large, max-video-preview:-1\" \/>\n<link rel=\"canonical\" href=\"https:\/\/itinerairecom.fr\/index.php\/2021\/08\/30\/idees-de-contenus-communication-septembre\/\" \/>\n<meta property=\"og:locale\" content=\"fr_FR\" \/>\n<meta property=\"og:type\" content=\"article\" \/>\n<meta property=\"og:title\" content=\"Id\u00e9es de contenus pour booster ta communication en septembre - Itin\u00e9raireCom\" \/>\n<meta property=\"og:description\" content=\"D\u00e9couvre des id\u00e9es de contenus pour ta communication du mois de septembre ! Plus de panne d&#039;inspiration pour ta communication d&#039;entreprise.\" \/>\n<meta property=\"og:url\" content=\"https:\/\/itinerairecom.fr\/index.php\/2021\/08\/30\/idees-de-contenus-communication-septembre\/\" \/>\n<meta property=\"og:site_name\" content=\"Itin\u00e9raireCom\" \/>\n<meta property=\"article:publisher\" content=\"https:\/\/www.facebook.com\/itinerairecom\/\" \/>\n<meta property=\"article:published_time\" content=\"2021-08-30T09:20:00+00:00\" \/>\n<meta property=\"article:modified_time\" content=\"2021-08-30T09:44:10+00:00\" \/>\n<meta property=\"og:image\" content=\"https:\/\/itinerairecom.fr\/wp-content\/uploads\/2021\/08\/Pour-blog-aout-2.jpg\" \/>\n<meta name=\"author\" content=\"Anna\u00eble\" \/>\n<meta name=\"twitter:card\" content=\"summary_large_image\" \/>\n<meta name=\"twitter:label1\" content=\"\u00c9crit par\" \/>\n\t<meta name=\"twitter:data1\" content=\"Anna\u00eble\" \/>\n\t<meta name=\"twitter:label2\" content=\"Dur\u00e9e de lecture estim\u00e9e\" \/>\n\t<meta name=\"twitter:data2\" content=\"4 minutes\" \/>\n<script type=\"application\/ld+json\" class=\"yoast-schema-graph\">{\"@context\":\"https:\/\/schema.org\",\"@graph\":[{\"@type\":\"Article\",\"@id\":\"https:\/\/itinerairecom.fr\/index.php\/2021\/08\/30\/idees-de-contenus-communication-septembre\/#article\",\"isPartOf\":{\"@id\":\"https:\/\/itinerairecom.fr\/index.php\/2021\/08\/30\/idees-de-contenus-communication-septembre\/\"},\"author\":{\"name\":\"Anna\u00eble\",\"@id\":\"https:\/\/itinerairecom.fr\/#\/schema\/person\/bdc1ee25aa4e8f5cbd922811986be768\"},\"headline\":\"Id\u00e9es de contenus pour booster ta communication en septembre\",\"datePublished\":\"2021-08-30T09:20:00+00:00\",\"dateModified\":\"2021-08-30T09:44:10+00:00\",\"mainEntityOfPage\":{\"@id\":\"https:\/\/itinerairecom.fr\/index.php\/2021\/08\/30\/idees-de-contenus-communication-septembre\/\"},\"wordCount\":747,\"commentCount\":0,\"publisher\":{\"@id\":\"https:\/\/itinerairecom.fr\/#organization\"},\"inLanguage\":\"fr-FR\",\"potentialAction\":[{\"@type\":\"CommentAction\",\"name\":\"Comment\",\"target\":[\"https:\/\/itinerairecom.fr\/index.php\/2021\/08\/30\/idees-de-contenus-communication-septembre\/#respond\"]}]},{\"@type\":\"WebPage\",\"@id\":\"https:\/\/itinerairecom.fr\/index.php\/2021\/08\/30\/idees-de-contenus-communication-septembre\/\",\"url\":\"https:\/\/itinerairecom.fr\/index.php\/2021\/08\/30\/idees-de-contenus-communication-septembre\/\",\"name\":\"Id\u00e9es de contenus pour booster ta communication en septembre - Itin\u00e9raireCom\",\"isPartOf\":{\"@id\":\"https:\/\/itinerairecom.fr\/#website\"},\"datePublished\":\"2021-08-30T09:20:00+00:00\",\"dateModified\":\"2021-08-30T09:44:10+00:00\",\"description\":\"D\u00e9couvre des id\u00e9es de contenus pour ta communication du mois de septembre ! Plus de panne d'inspiration pour ta communication d'entreprise.\",\"breadcrumb\":{\"@id\":\"https:\/\/itinerairecom.fr\/index.php\/2021\/08\/30\/idees-de-contenus-communication-septembre\/#breadcrumb\"},\"inLanguage\":\"fr-FR\",\"potentialAction\":[{\"@type\":\"ReadAction\",\"target\":[\"https:\/\/itinerairecom.fr\/index.php\/2021\/08\/30\/idees-de-contenus-communication-septembre\/\"]}]},{\"@type\":\"BreadcrumbList\",\"@id\":\"https:\/\/itinerairecom.fr\/index.php\/2021\/08\/30\/idees-de-contenus-communication-septembre\/#breadcrumb\",\"itemListElement\":[{\"@type\":\"ListItem\",\"position\":1,\"name\":\"Accueil\",\"item\":\"https:\/\/itinerairecom.fr\/\"},{\"@type\":\"ListItem\",\"position\":2,\"name\":\"Id\u00e9es de contenus pour booster ta communication en septembre\"}]},{\"@type\":\"WebSite\",\"@id\":\"https:\/\/itinerairecom.fr\/#website\",\"url\":\"https:\/\/itinerairecom.fr\/\",\"name\":\"Itin\u00e9raireCom\",\"description\":\"Mettons la main \u00e0 la com&#039;\",\"publisher\":{\"@id\":\"https:\/\/itinerairecom.fr\/#organization\"},\"potentialAction\":[{\"@type\":\"SearchAction\",\"target\":{\"@type\":\"EntryPoint\",\"urlTemplate\":\"https:\/\/itinerairecom.fr\/?s={search_term_string}\"},\"query-input\":\"required name=search_term_string\"}],\"inLanguage\":\"fr-FR\"},{\"@type\":\"Organization\",\"@id\":\"https:\/\/itinerairecom.fr\/#organization\",\"name\":\"Intin\u00e9raireCom\",\"url\":\"https:\/\/itinerairecom.fr\/\",\"logo\":{\"@type\":\"ImageObject\",\"inLanguage\":\"fr-FR\",\"@id\":\"https:\/\/itinerairecom.fr\/#\/schema\/logo\/image\/\",\"url\":\"https:\/\/itinerairecom.fr\/wp-content\/uploads\/2020\/07\/logo-blueBG.png\",\"contentUrl\":\"https:\/\/itinerairecom.fr\/wp-content\/uploads\/2020\/07\/logo-blueBG.png\",\"width\":1716,\"height\":881,\"caption\":\"Intin\u00e9raireCom\"},\"image\":{\"@id\":\"https:\/\/itinerairecom.fr\/#\/schema\/logo\/image\/\"},\"sameAs\":[\"https:\/\/www.facebook.com\/itinerairecom\/\",\"https:\/\/www.instagram.com\/itinerairecom\/?hl=fr\",\"https:\/\/www.linkedin.com\/in\/annaelefritsch\/\",\"https:\/\/www.pinterest.com\/itinerairecom\/_saved\/\"]},{\"@type\":\"Person\",\"@id\":\"https:\/\/itinerairecom.fr\/#\/schema\/person\/bdc1ee25aa4e8f5cbd922811986be768\",\"name\":\"Anna\u00eble\",\"image\":{\"@type\":\"ImageObject\",\"inLanguage\":\"fr-FR\",\"@id\":\"https:\/\/itinerairecom.fr\/#\/schema\/person\/image\/\",\"url\":\"https:\/\/secure.gravatar.com\/avatar\/4775ede8bd75fcb307c64234e98f2301?s=96&d=mm&r=g\",\"contentUrl\":\"https:\/\/secure.gravatar.com\/avatar\/4775ede8bd75fcb307c64234e98f2301?s=96&d=mm&r=g\",\"caption\":\"Anna\u00eble\"}}]}<\/script>\n<!-- \/ Yoast SEO plugin. -->","yoast_head_json":{"title":"Id\u00e9es de contenus pour booster ta communication en septembre - Itin\u00e9raireCom","description":"D\u00e9couvre des id\u00e9es de contenus pour ta communication du mois de septembre ! Plus de panne d'inspiration pour ta communication d'entreprise.","robots":{"index":"index","follow":"follow","max-snippet":"max-snippet:-1","max-image-preview":"max-image-preview:large","max-video-preview":"max-video-preview:-1"},"canonical":"https:\/\/itinerairecom.fr\/index.php\/2021\/08\/30\/idees-de-contenus-communication-septembre\/","og_locale":"fr_FR","og_type":"article","og_title":"Id\u00e9es de contenus pour booster ta communication en septembre - Itin\u00e9raireCom","og_description":"D\u00e9couvre des id\u00e9es de contenus pour ta communication du mois de septembre ! Plus de panne d'inspiration pour ta communication d'entreprise.","og_url":"https:\/\/itinerairecom.fr\/index.php\/2021\/08\/30\/idees-de-contenus-communication-septembre\/","og_site_name":"Itin\u00e9raireCom","article_publisher":"https:\/\/www.facebook.com\/itinerairecom\/","article_published_time":"2021-08-30T09:20:00+00:00","article_modified_time":"2021-08-30T09:44:10+00:00","og_image":[{"url":"https:\/\/itinerairecom.fr\/wp-content\/uploads\/2021\/08\/Pour-blog-aout-2.jpg"}],"author":"Anna\u00eble","twitter_card":"summary_large_image","twitter_misc":{"\u00c9crit par":"Anna\u00eble","Dur\u00e9e de lecture estim\u00e9e":"4 minutes"},"schema":{"@context":"https:\/\/schema.org","@graph":[{"@type":"Article","@id":"https:\/\/itinerairecom.fr\/index.php\/2021\/08\/30\/idees-de-contenus-communication-septembre\/#article","isPartOf":{"@id":"https:\/\/itinerairecom.fr\/index.php\/2021\/08\/30\/idees-de-contenus-communication-septembre\/"},"author":{"name":"Anna\u00eble","@id":"https:\/\/itinerairecom.fr\/#\/schema\/person\/bdc1ee25aa4e8f5cbd922811986be768"},"headline":"Id\u00e9es de contenus pour booster ta communication en septembre","datePublished":"2021-08-30T09:20:00+00:00","dateModified":"2021-08-30T09:44:10+00:00","mainEntityOfPage":{"@id":"https:\/\/itinerairecom.fr\/index.php\/2021\/08\/30\/idees-de-contenus-communication-septembre\/"},"wordCount":747,"commentCount":0,"publisher":{"@id":"https:\/\/itinerairecom.fr\/#organization"},"inLanguage":"fr-FR","potentialAction":[{"@type":"CommentAction","name":"Comment","target":["https:\/\/itinerairecom.fr\/index.php\/2021\/08\/30\/idees-de-contenus-communication-septembre\/#respond"]}]},{"@type":"WebPage","@id":"https:\/\/itinerairecom.fr\/index.php\/2021\/08\/30\/idees-de-contenus-communication-septembre\/","url":"https:\/\/itinerairecom.fr\/index.php\/2021\/08\/30\/idees-de-contenus-communication-septembre\/","name":"Id\u00e9es de contenus pour booster ta communication en septembre - Itin\u00e9raireCom","isPartOf":{"@id":"https:\/\/itinerairecom.fr\/#website"},"datePublished":"2021-08-30T09:20:00+00:00","dateModified":"2021-08-30T09:44:10+00:00","description":"D\u00e9couvre des id\u00e9es de contenus pour ta communication du mois de septembre ! Plus de panne d'inspiration pour ta communication d'entreprise.","breadcrumb":{"@id":"https:\/\/itinerairecom.fr\/index.php\/2021\/08\/30\/idees-de-contenus-communication-septembre\/#breadcrumb"},"inLanguage":"fr-FR","potentialAction":[{"@type":"ReadAction","target":["https:\/\/itinerairecom.fr\/index.php\/2021\/08\/30\/idees-de-contenus-communication-septembre\/"]}]},{"@type":"BreadcrumbList","@id":"https:\/\/itinerairecom.fr\/index.php\/2021\/08\/30\/idees-de-contenus-communication-septembre\/#breadcrumb","itemListElement":[{"@type":"ListItem","position":1,"name":"Accueil","item":"https:\/\/itinerairecom.fr\/"},{"@type":"ListItem","position":2,"name":"Id\u00e9es de contenus pour booster ta communication en septembre"}]},{"@type":"WebSite","@id":"https:\/\/itinerairecom.fr\/#website","url":"https:\/\/itinerairecom.fr\/","name":"Itin\u00e9raireCom","description":"Mettons la main \u00e0 la com&#039;","publisher":{"@id":"https:\/\/itinerairecom.fr\/#organization"},"potentialAction":[{"@type":"SearchAction","target":{"@type":"EntryPoint","urlTemplate":"https:\/\/itinerairecom.fr\/?s={search_term_string}"},"query-input":"required name=search_term_string"}],"inLanguage":"fr-FR"},{"@type":"Organization","@id":"https:\/\/itinerairecom.fr\/#organization","name":"Intin\u00e9raireCom","url":"https:\/\/itinerairecom.fr\/","logo":{"@type":"ImageObject","inLanguage":"fr-FR","@id":"https:\/\/itinerairecom.fr\/#\/schema\/logo\/image\/","url":"https:\/\/itinerairecom.fr\/wp-content\/uploads\/2020\/07\/logo-blueBG.png","contentUrl":"https:\/\/itinerairecom.fr\/wp-content\/uploads\/2020\/07\/logo-blueBG.png","width":1716,"height":881,"caption":"Intin\u00e9raireCom"},"image":{"@id":"https:\/\/itinerairecom.fr\/#\/schema\/logo\/image\/"},"sameAs":["https:\/\/www.facebook.com\/itinerairecom\/","https:\/\/www.instagram.com\/itinerairecom\/?hl=fr","https:\/\/www.linkedin.com\/in\/annaelefritsch\/","https:\/\/www.pinterest.com\/itinerairecom\/_saved\/"]},{"@type":"Person","@id":"https:\/\/itinerairecom.fr\/#\/schema\/person\/bdc1ee25aa4e8f5cbd922811986be768","name":"Anna\u00eble","image":{"@type":"ImageObject","inLanguage":"fr-FR","@id":"https:\/\/itinerairecom.fr\/#\/schema\/person\/image\/","url":"https:\/\/secure.gravatar.com\/avatar\/4775ede8bd75fcb307c64234e98f2301?s=96&d=mm&r=g","contentUrl":"https:\/\/secure.gravatar.com\/avatar\/4775ede8bd75fcb307c64234e98f2301?s=96&d=mm&r=g","caption":"Anna\u00eble"}}]}},"_links":{"self":[{"href":"https:\/\/itinerairecom.fr\/index.php\/wp-json\/wp\/v2\/posts\/1541"}],"collection":[{"href":"https:\/\/itinerairecom.fr\/index.php\/wp-json\/wp\/v2\/posts"}],"about":[{"href":"https:\/\/itinerairecom.fr\/index.php\/wp-json\/wp\/v2\/types\/post"}],"author":[{"embeddable":true,"href":"https:\/\/itinerairecom.fr\/index.php\/wp-json\/wp\/v2\/users\/1"}],"replies":[{"embeddable":true,"href":"https:\/\/itinerairecom.fr\/index.php\/wp-json\/wp\/v2\/comments?post=1541"}],"version-history":[{"count":24,"href":"https:\/\/itinerairecom.fr\/index.php\/wp-json\/wp\/v2\/posts\/1541\/revisions"}],"predecessor-version":[{"id":1567,"href":"https:\/\/itinerairecom.fr\/index.php\/wp-json\/wp\/v2\/posts\/1541\/revisions\/1567"}],"wp:attachment":[{"href":"https:\/\/itinerairecom.fr\/index.php\/wp-json\/wp\/v2\/media?parent=1541"}],"wp:term":[{"taxonomy":"category","embeddable":true,"href":"https:\/\/itinerairecom.fr\/index.php\/wp-json\/wp\/v2\/categories?post=1541"},{"taxonomy":"post_tag","embeddable":true,"href":"https:\/\/itinerairecom.fr\/index.php\/wp-json\/wp\/v2\/tags?post=1541"}],"curies":[{"name":"wp","href":"https:\/\/api.w.org\/{rel}","templated":true}]}}